{"id":1125,"date":"2024-10-17T11:59:44","date_gmt":"2024-10-17T09:59:44","guid":{"rendered":"https:\/\/asso-catalyse.fr\/?p=1125"},"modified":"2024-10-17T11:59:46","modified_gmt":"2024-10-17T09:59:46","slug":"fresque-de-la-renaissance-ecologique-journee-ese-26-07-2024","status":"publish","type":"post","link":"https:\/\/asso-catalyse.fr\/index.php\/2024\/10\/17\/fresque-de-la-renaissance-ecologique-journee-ese-26-07-2024\/","title":{"rendered":"Fresque de la Renaissance \u00c9cologique journ\u00e9e ESE 26-07 2024"},"content":{"rendered":"\n<p>Lors de la journ\u00e9e des professionnel\u00b7les de l\u2019\u00c9ducation Sant\u00e9-Environnement Dr\u00f4me-Ard\u00e8che le 15\/10\/2024, sur le th\u00e8me Sant\u00e9 mentale et environnement, <a href=\"http:\/\/asso-catalyse.fr\">Catalyse <\/a>a anim\u00e9 la <a href=\"https:\/\/www.renaissanceecologique.fr\/\">Fresque de la Renaissance \u00c9cologique<\/a> pour partager ce qui nous fait du bien depuis le niveau individuel jusqu\u2019au niveau collectif et politique. En voici une photo. N\u2019h\u00e9sitez pas \u00e0 zoomer!<\/p>\n\n\n\n<figure class=\"wp-block-image size-full\"><img loading=\"lazy\" decoding=\"async\" width=\"8160\" height=\"3768\" src=\"https:\/\/asso-catalyse.fr\/wp-content\/uploads\/2024\/10\/Fresque-Renaissance-Ecologique-ESE2607-2024.jpg\" alt=\"Fresque de la Renaissance \u00c9cologique anim\u00e9e par Catalyse lors de la journ\u00e9e \u00c9ducation Sant\u00e9-Environnement Dr\u00f4me Ard\u00e8che sur le th\u00e8me Sant\u00e9 mentale et environnement\" class=\"wp-image-1126\"\/><\/figure>\n\n\n\n<p><\/p>\n","protected":false},"excerpt":{"rendered":"<p>Lors de la journ\u00e9e des professionnel\u00b7les de l\u2019\u00c9ducation Sant\u00e9-Environnement Dr\u00f4me-Ard\u00e8che le 15\/10\/2024, sur le th\u00e8me Sant\u00e9 mentale et environnement, Catalyse a anim\u00e9 la Fresque de la Renaissance \u00c9cologique pour partager ce qui nous fait du bien depuis le niveau individuel jusqu\u2019au niveau collectif et politique. En voici une photo. N\u2019h\u00e9sitez pas \u00e0 zoomer!<\/p>\n","protected":false},"author":1,"featured_media":0,"comment_status":"open","ping_status":"open","sticky":false,"template":"","format":"standard","meta":{"footnotes":""},"categories":[3],"tags":[28,27,26,25,29],"class_list":["post-1125","post","type-post","status-publish","format-standard","hentry","category-realisations","tag-animation","tag-drome-ardeche","tag-education-sante-environnement","tag-renaissance-ecologique","tag-sante-mentale-et-environnement"],"featured_image_urls_v2":{"full":"","thumbnail":"","medium":"","medium_large":"","large":"","1536x1536":"","2048x2048":"","post-thumbnail":"","one-page-express-full-hd":""},"post_excerpt_stackable_v2":"<p>Lors de la journ\u00e9e des professionnel\u00b7les de l\u2019\u00c9ducation Sant\u00e9-Environnement Dr\u00f4me-Ard\u00e8che le 15\/10\/2024, sur le th\u00e8me Sant\u00e9 mentale et environnement, Catalyse a anim\u00e9 la Fresque de la Renaissance \u00c9cologique pour partager ce qui nous fait du bien depuis le niveau individuel jusqu\u2019au niveau collectif et politique. En voici une photo. N\u2019h\u00e9sitez pas \u00e0 zoomer!<\/p>\n","category_list_v2":"<a href=\"https:\/\/asso-catalyse.fr\/index.php\/category\/realisations\/\" rel=\"category tag\">R\u00e9alisations<\/a>","author_info_v2":{"name":"Catalyse","url":"https:\/\/asso-catalyse.fr\/index.php\/author\/catalyse\/"},"comments_num_v2":"0 commentaire","yoast_head":"<!-- This site is optimized with the Yoast SEO plugin v25.6 - https:\/\/yoast.com\/wordpress\/plugins\/seo\/ -->\n<title>Fresque de la Renaissance \u00c9cologique journ\u00e9e ESE 26-07 2024 &#8902; Association Catalyse<\/title>\n<meta name=\"robots\" content=\"index, follow, max-snippet:-1, max-image-preview:large, max-video-preview:-1\" \/>\n<link rel=\"canonical\" href=\"https:\/\/asso-catalyse.fr\/index.php\/2024\/10\/17\/fresque-de-la-renaissance-ecologique-journee-ese-26-07-2024\/\" \/>\n<meta property=\"og:locale\" content=\"fr_FR\" \/>\n<meta property=\"og:type\" content=\"article\" \/>\n<meta property=\"og:title\" content=\"Fresque de la Renaissance \u00c9cologique journ\u00e9e ESE 26-07 2024 &#8902; Association Catalyse\" \/>\n<meta property=\"og:description\" content=\"Lors de la journ\u00e9e des professionnel\u00b7les de l\u2019\u00c9ducation Sant\u00e9-Environnement Dr\u00f4me-Ard\u00e8che le 15\/10\/2024, sur le th\u00e8me Sant\u00e9 mentale et environnement, Catalyse a anim\u00e9 la Fresque de la Renaissance \u00c9cologique pour partager ce qui nous fait du bien depuis le niveau individuel jusqu\u2019au niveau collectif et politique. En voici une photo. N\u2019h\u00e9sitez pas \u00e0 zoomer!\" \/>\n<meta property=\"og:url\" content=\"https:\/\/asso-catalyse.fr\/index.php\/2024\/10\/17\/fresque-de-la-renaissance-ecologique-journee-ese-26-07-2024\/\" \/>\n<meta property=\"og:site_name\" content=\"Association Catalyse\" \/>\n<meta property=\"article:published_time\" content=\"2024-10-17T09:59:44+00:00\" \/>\n<meta property=\"article:modified_time\" content=\"2024-10-17T09:59:46+00:00\" \/>\n<meta name=\"author\" content=\"Catalyse\" \/>\n<meta name=\"twitter:card\" content=\"summary_large_image\" \/>\n<meta name=\"twitter:label1\" content=\"\u00c9crit par\" \/>\n\t<meta name=\"twitter:data1\" content=\"Catalyse\" \/>\n\t<meta name=\"twitter:label2\" content=\"Dur\u00e9e de lecture estim\u00e9e\" \/>\n\t<meta name=\"twitter:data2\" content=\"1 minute\" \/>\n<script type=\"application\/ld+json\" class=\"yoast-schema-graph\">{\"@context\":\"https:\/\/schema.org\",\"@graph\":[{\"@type\":\"WebPage\",\"@id\":\"https:\/\/asso-catalyse.fr\/index.php\/2024\/10\/17\/fresque-de-la-renaissance-ecologique-journee-ese-26-07-2024\/\",\"url\":\"https:\/\/asso-catalyse.fr\/index.php\/2024\/10\/17\/fresque-de-la-renaissance-ecologique-journee-ese-26-07-2024\/\",\"name\":\"Fresque de la Renaissance \u00c9cologique journ\u00e9e ESE 26-07 2024 &#8902; Association Catalyse\",\"isPartOf\":{\"@id\":\"https:\/\/asso-catalyse.fr\/#website\"},\"primaryImageOfPage\":{\"@id\":\"https:\/\/asso-catalyse.fr\/index.php\/2024\/10\/17\/fresque-de-la-renaissance-ecologique-journee-ese-26-07-2024\/#primaryimage\"},\"image\":{\"@id\":\"https:\/\/asso-catalyse.fr\/index.php\/2024\/10\/17\/fresque-de-la-renaissance-ecologique-journee-ese-26-07-2024\/#primaryimage\"},\"thumbnailUrl\":\"https:\/\/asso-catalyse.fr\/wp-content\/uploads\/2024\/10\/Fresque-Renaissance-Ecologique-ESE2607-2024.jpg\",\"datePublished\":\"2024-10-17T09:59:44+00:00\",\"dateModified\":\"2024-10-17T09:59:46+00:00\",\"author\":{\"@id\":\"https:\/\/asso-catalyse.fr\/#\/schema\/person\/e207c7be9bb40203e731d212648f72ab\"},\"breadcrumb\":{\"@id\":\"https:\/\/asso-catalyse.fr\/index.php\/2024\/10\/17\/fresque-de-la-renaissance-ecologique-journee-ese-26-07-2024\/#breadcrumb\"},\"inLanguage\":\"fr-FR\",\"potentialAction\":[{\"@type\":\"ReadAction\",\"target\":[\"https:\/\/asso-catalyse.fr\/index.php\/2024\/10\/17\/fresque-de-la-renaissance-ecologique-journee-ese-26-07-2024\/\"]}]},{\"@type\":\"ImageObject\",\"inLanguage\":\"fr-FR\",\"@id\":\"https:\/\/asso-catalyse.fr\/index.php\/2024\/10\/17\/fresque-de-la-renaissance-ecologique-journee-ese-26-07-2024\/#primaryimage\",\"url\":\"https:\/\/asso-catalyse.fr\/wp-content\/uploads\/2024\/10\/Fresque-Renaissance-Ecologique-ESE2607-2024.jpg\",\"contentUrl\":\"https:\/\/asso-catalyse.fr\/wp-content\/uploads\/2024\/10\/Fresque-Renaissance-Ecologique-ESE2607-2024.jpg\",\"width\":8160,\"height\":3768},{\"@type\":\"BreadcrumbList\",\"@id\":\"https:\/\/asso-catalyse.fr\/index.php\/2024\/10\/17\/fresque-de-la-renaissance-ecologique-journee-ese-26-07-2024\/#breadcrumb\",\"itemListElement\":[{\"@type\":\"ListItem\",\"position\":1,\"name\":\"Accueil\",\"item\":\"https:\/\/asso-catalyse.fr\/\"},{\"@type\":\"ListItem\",\"position\":2,\"name\":\"Fresque de la Renaissance \u00c9cologique journ\u00e9e ESE 26-07 2024\"}]},{\"@type\":\"WebSite\",\"@id\":\"https:\/\/asso-catalyse.fr\/#website\",\"url\":\"https:\/\/asso-catalyse.fr\/\",\"name\":\"Association Catalyse\",\"description\":\"Autonomie \u00e9nerg\u00e9tique pour le milieu rural\",\"potentialAction\":[{\"@type\":\"SearchAction\",\"target\":{\"@type\":\"EntryPoint\",\"urlTemplate\":\"https:\/\/asso-catalyse.fr\/?s={search_term_string}\"},\"query-input\":{\"@type\":\"PropertyValueSpecification\",\"valueRequired\":true,\"valueName\":\"search_term_string\"}}],\"inLanguage\":\"fr-FR\"},{\"@type\":\"Person\",\"@id\":\"https:\/\/asso-catalyse.fr\/#\/schema\/person\/e207c7be9bb40203e731d212648f72ab\",\"name\":\"Catalyse\",\"image\":{\"@type\":\"ImageObject\",\"inLanguage\":\"fr-FR\",\"@id\":\"https:\/\/asso-catalyse.fr\/#\/schema\/person\/image\/\",\"url\":\"https:\/\/secure.gravatar.com\/avatar\/647361d78cb116a79c299ce9f2634100?s=96&d=mm&r=g\",\"contentUrl\":\"https:\/\/secure.gravatar.com\/avatar\/647361d78cb116a79c299ce9f2634100?s=96&d=mm&r=g\",\"caption\":\"Catalyse\"},\"url\":\"https:\/\/asso-catalyse.fr\/index.php\/author\/catalyse\/\"}]}<\/script>\n<!-- \/ Yoast SEO plugin. -->","yoast_head_json":{"title":"Fresque de la Renaissance \u00c9cologique journ\u00e9e ESE 26-07 2024 &#8902; Association Catalyse","robots":{"index":"index","follow":"follow","max-snippet":"max-snippet:-1","max-image-preview":"max-image-preview:large","max-video-preview":"max-video-preview:-1"},"canonical":"https:\/\/asso-catalyse.fr\/index.php\/2024\/10\/17\/fresque-de-la-renaissance-ecologique-journee-ese-26-07-2024\/","og_locale":"fr_FR","og_type":"article","og_title":"Fresque de la Renaissance \u00c9cologique journ\u00e9e ESE 26-07 2024 &#8902; Association Catalyse","og_description":"Lors de la journ\u00e9e des professionnel\u00b7les de l\u2019\u00c9ducation Sant\u00e9-Environnement Dr\u00f4me-Ard\u00e8che le 15\/10\/2024, sur le th\u00e8me Sant\u00e9 mentale et environnement, Catalyse a anim\u00e9 la Fresque de la Renaissance \u00c9cologique pour partager ce qui nous fait du bien depuis le niveau individuel jusqu\u2019au niveau collectif et politique. En voici une photo. N\u2019h\u00e9sitez pas \u00e0 zoomer!","og_url":"https:\/\/asso-catalyse.fr\/index.php\/2024\/10\/17\/fresque-de-la-renaissance-ecologique-journee-ese-26-07-2024\/","og_site_name":"Association Catalyse","article_published_time":"2024-10-17T09:59:44+00:00","article_modified_time":"2024-10-17T09:59:46+00:00","author":"Catalyse","twitter_card":"summary_large_image","twitter_misc":{"\u00c9crit par":"Catalyse","Dur\u00e9e de lecture estim\u00e9e":"1 minute"},"schema":{"@context":"https:\/\/schema.org","@graph":[{"@type":"WebPage","@id":"https:\/\/asso-catalyse.fr\/index.php\/2024\/10\/17\/fresque-de-la-renaissance-ecologique-journee-ese-26-07-2024\/","url":"https:\/\/asso-catalyse.fr\/index.php\/2024\/10\/17\/fresque-de-la-renaissance-ecologique-journee-ese-26-07-2024\/","name":"Fresque de la Renaissance \u00c9cologique journ\u00e9e ESE 26-07 2024 &#8902; Association Catalyse","isPartOf":{"@id":"https:\/\/asso-catalyse.fr\/#website"},"primaryImageOfPage":{"@id":"https:\/\/asso-catalyse.fr\/index.php\/2024\/10\/17\/fresque-de-la-renaissance-ecologique-journee-ese-26-07-2024\/#primaryimage"},"image":{"@id":"https:\/\/asso-catalyse.fr\/index.php\/2024\/10\/17\/fresque-de-la-renaissance-ecologique-journee-ese-26-07-2024\/#primaryimage"},"thumbnailUrl":"https:\/\/asso-catalyse.fr\/wp-content\/uploads\/2024\/10\/Fresque-Renaissance-Ecologique-ESE2607-2024.jpg","datePublished":"2024-10-17T09:59:44+00:00","dateModified":"2024-10-17T09:59:46+00:00","author":{"@id":"https:\/\/asso-catalyse.fr\/#\/schema\/person\/e207c7be9bb40203e731d212648f72ab"},"breadcrumb":{"@id":"https:\/\/asso-catalyse.fr\/index.php\/2024\/10\/17\/fresque-de-la-renaissance-ecologique-journee-ese-26-07-2024\/#breadcrumb"},"inLanguage":"fr-FR","potentialAction":[{"@type":"ReadAction","target":["https:\/\/asso-catalyse.fr\/index.php\/2024\/10\/17\/fresque-de-la-renaissance-ecologique-journee-ese-26-07-2024\/"]}]},{"@type":"ImageObject","inLanguage":"fr-FR","@id":"https:\/\/asso-catalyse.fr\/index.php\/2024\/10\/17\/fresque-de-la-renaissance-ecologique-journee-ese-26-07-2024\/#primaryimage","url":"https:\/\/asso-catalyse.fr\/wp-content\/uploads\/2024\/10\/Fresque-Renaissance-Ecologique-ESE2607-2024.jpg","contentUrl":"https:\/\/asso-catalyse.fr\/wp-content\/uploads\/2024\/10\/Fresque-Renaissance-Ecologique-ESE2607-2024.jpg","width":8160,"height":3768},{"@type":"BreadcrumbList","@id":"https:\/\/asso-catalyse.fr\/index.php\/2024\/10\/17\/fresque-de-la-renaissance-ecologique-journee-ese-26-07-2024\/#breadcrumb","itemListElement":[{"@type":"ListItem","position":1,"name":"Accueil","item":"https:\/\/asso-catalyse.fr\/"},{"@type":"ListItem","position":2,"name":"Fresque de la Renaissance \u00c9cologique journ\u00e9e ESE 26-07 2024"}]},{"@type":"WebSite","@id":"https:\/\/asso-catalyse.fr\/#website","url":"https:\/\/asso-catalyse.fr\/","name":"Association Catalyse","description":"Autonomie \u00e9nerg\u00e9tique pour le milieu rural","potentialAction":[{"@type":"SearchAction","target":{"@type":"EntryPoint","urlTemplate":"https:\/\/asso-catalyse.fr\/?s={search_term_string}"},"query-input":{"@type":"PropertyValueSpecification","valueRequired":true,"valueName":"search_term_string"}}],"inLanguage":"fr-FR"},{"@type":"Person","@id":"https:\/\/asso-catalyse.fr\/#\/schema\/person\/e207c7be9bb40203e731d212648f72ab","name":"Catalyse","image":{"@type":"ImageObject","inLanguage":"fr-FR","@id":"https:\/\/asso-catalyse.fr\/#\/schema\/person\/image\/","url":"https:\/\/secure.gravatar.com\/avatar\/647361d78cb116a79c299ce9f2634100?s=96&d=mm&r=g","contentUrl":"https:\/\/secure.gravatar.com\/avatar\/647361d78cb116a79c299ce9f2634100?s=96&d=mm&r=g","caption":"Catalyse"},"url":"https:\/\/asso-catalyse.fr\/index.php\/author\/catalyse\/"}]}},"_links":{"self":[{"href":"https:\/\/asso-catalyse.fr\/index.php\/wp-json\/wp\/v2\/posts\/1125"}],"collection":[{"href":"https:\/\/asso-catalyse.fr\/index.php\/wp-json\/wp\/v2\/posts"}],"about":[{"href":"https:\/\/asso-catalyse.fr\/index.php\/wp-json\/wp\/v2\/types\/post"}],"author":[{"embeddable":true,"href":"https:\/\/asso-catalyse.fr\/index.php\/wp-json\/wp\/v2\/users\/1"}],"replies":[{"embeddable":true,"href":"https:\/\/asso-catalyse.fr\/index.php\/wp-json\/wp\/v2\/comments?post=1125"}],"version-history":[{"count":1,"href":"https:\/\/asso-catalyse.fr\/index.php\/wp-json\/wp\/v2\/posts\/1125\/revisions"}],"predecessor-version":[{"id":1127,"href":"https:\/\/asso-catalyse.fr\/index.php\/wp-json\/wp\/v2\/posts\/1125\/revisions\/1127"}],"wp:attachment":[{"href":"https:\/\/asso-catalyse.fr\/index.php\/wp-json\/wp\/v2\/media?parent=1125"}],"wp:term":[{"taxonomy":"category","embeddable":true,"href":"https:\/\/asso-catalyse.fr\/index.php\/wp-json\/wp\/v2\/categories?post=1125"},{"taxonomy":"post_tag","embeddable":true,"href":"https:\/\/asso-catalyse.fr\/index.php\/wp-json\/wp\/v2\/tags?post=1125"}],"curies":[{"name":"wp","href":"https:\/\/api.w.org\/{rel}","templated":true}]}}