{"id":129,"date":"2017-09-01T14:59:25","date_gmt":"2017-09-01T12:59:25","guid":{"rendered":"http:\/\/asso-catalyse.fr\/?p=129"},"modified":"2021-01-02T19:31:39","modified_gmt":"2021-01-02T18:31:39","slug":"un-ete-en-cuisine","status":"publish","type":"post","link":"https:\/\/asso-catalyse.fr\/index.php\/2017\/09\/01\/un-ete-en-cuisine\/","title":{"rendered":"Un \u00e9t\u00e9 en cuisine"},"content":{"rendered":"<p>Cet \u00e9t\u00e9 nous avons renouvel\u00e9 plusieurs fois\u00a0l&rsquo;exp\u00e9rience de\u00a0notre <a href=\"http:\/\/asso-catalyse.fr\/index.php\/2017\/07\/22\/cantine-autonome\/\">Cantine Autonome<\/a>\u00a0aux \u00ab\u00a0Poissons Rouges\u00a0\u00bb. Notamment \u00e0 l&rsquo;occasion du passage du \u00ab<a href=\"https:\/\/alternatiba.eu\/rhone\/tag\/tour-velo-2017\/\">Tour V\u00e9lo \u00e0 \u00c9nergie Positive\u00bb d&rsquo;Alternatiba<\/a> \u00e0 Valence. Avec un <a href=\"https:\/\/fr.wikipedia.org\/wiki\/Alternatiba%2C_Village_des_alternatives\">\u00abVillage des Possibles\u00bb<\/a> o\u00f9 diff\u00e9rentes associations qui \u0153uvrent pour l\u2019\u00e9conomie d\u2019\u00e9nergie tenaient\u00a0leurs stands.<\/p>\n<p>Nous avons \u00e9galement collabor\u00e9 avec <a href=\"http:\/\/www.feufollet.org\/\">Feu Follet\u00a0<\/a>pour tenir un gigantesque stand de restauration et de cattering lors du festival d&rsquo;Aurillac. Tous les rockets-stoves \u00e9taient de sortie: gamelles, wok, et m\u00eame\u00a0plancha, four, friteuse, billig, eau chaude, etc\u2026 Nous avons servi 200 couverts 2 fois par jour pendant une semaine. Et tout \u00e7a sans br\u00fbler un seul gramme de butane! Avec du bois de r\u00e9cup\u00e9ration et de la bonne humeur\u00a0comme seule sources d&rsquo;\u00e9nergies.<\/p>\n<p><img loading=\"lazy\" decoding=\"async\" class=\"alignnone size-medium wp-image-130\" src=\"https:\/\/asso-catalyse.fr\/wp-content\/uploads\/2017\/09\/20170822_stand-FF-aurillac_compressed-300x169.jpg\" alt=\"\" width=\"300\" height=\"169\" srcset=\"https:\/\/asso-catalyse.fr\/wp-content\/uploads\/2017\/09\/20170822_stand-FF-aurillac_compressed-300x169.jpg 300w, https:\/\/asso-catalyse.fr\/wp-content\/uploads\/2017\/09\/20170822_stand-FF-aurillac_compressed-768x432.jpg 768w, https:\/\/asso-catalyse.fr\/wp-content\/uploads\/2017\/09\/20170822_stand-FF-aurillac_compressed-1024x576.jpg 1024w\" sizes=\"(max-width: 300px) 100vw, 300px\" \/><\/p>\n","protected":false},"excerpt":{"rendered":"<p>Cet \u00e9t\u00e9 nous avons renouvel\u00e9 plusieurs fois\u00a0l&rsquo;exp\u00e9rience de\u00a0notre Cantine Autonome\u00a0aux \u00ab\u00a0Poissons Rouges\u00a0\u00bb. Notamment \u00e0 l&rsquo;occasion du passage du \u00abTour V\u00e9lo \u00e0 \u00c9nergie Positive\u00bb d&rsquo;Alternatiba \u00e0 Valence. Avec un \u00abVillage des Possibles\u00bb o\u00f9 diff\u00e9rentes associations qui \u0153uvrent pour l\u2019\u00e9conomie d\u2019\u00e9nergie tenaient\u00a0leurs stands. Nous avons \u00e9galement collabor\u00e9 avec Feu Follet\u00a0pour tenir un gigantesque stand de restauration et&hellip; <br \/> <a class=\"button small blue\" href=\"https:\/\/asso-catalyse.fr\/index.php\/2017\/09\/01\/un-ete-en-cuisine\/\">Lire la suite<\/a><\/p>\n","protected":false},"author":1,"featured_media":0,"comment_status":"closed","ping_status":"closed","sticky":false,"template":"","format":"standard","meta":{"footnotes":""},"categories":[3],"tags":[7,9],"class_list":["post-129","post","type-post","status-publish","format-standard","hentry","category-realisations","tag-autonomie-alimentaire","tag-stands"],"featured_image_urls_v2":{"full":"","thumbnail":"","medium":"","medium_large":"","large":"","1536x1536":"","2048x2048":"","post-thumbnail":"","one-page-express-full-hd":""},"post_excerpt_stackable_v2":"<p>Cet \u00e9t\u00e9 nous avons renouvel\u00e9 plusieurs fois\u00a0l&rsquo;exp\u00e9rience de\u00a0notre Cantine Autonome\u00a0aux \u00ab\u00a0Poissons Rouges\u00a0\u00bb. Notamment \u00e0 l&rsquo;occasion du passage du \u00abTour V\u00e9lo \u00e0 \u00c9nergie Positive\u00bb d&rsquo;Alternatiba \u00e0 Valence. Avec un \u00abVillage des Possibles\u00bb o\u00f9 diff\u00e9rentes associations qui \u0153uvrent pour l\u2019\u00e9conomie d\u2019\u00e9nergie tenaient\u00a0leurs stands. Nous avons \u00e9galement collabor\u00e9 avec Feu Follet\u00a0pour tenir un gigantesque stand de restauration et de cattering lors du festival d&rsquo;Aurillac. Tous les rockets-stoves \u00e9taient de sortie: gamelles, wok, et m\u00eame\u00a0plancha, four, friteuse, billig, eau chaude, etc\u2026 Nous avons servi 200 couverts 2 fois par jour pendant une semaine. Et tout \u00e7a sans br\u00fbler un seul gramme de butane! Avec\u2026<\/p>\n","category_list_v2":"<a href=\"https:\/\/asso-catalyse.fr\/index.php\/category\/realisations\/\" rel=\"category tag\">R\u00e9alisations<\/a>","author_info_v2":{"name":"Catalyse","url":"https:\/\/asso-catalyse.fr\/index.php\/author\/catalyse\/"},"comments_num_v2":"0 commentaire","yoast_head":"<!-- This site is optimized with the Yoast SEO plugin v25.6 - https:\/\/yoast.com\/wordpress\/plugins\/seo\/ -->\n<title>Un \u00e9t\u00e9 en cuisine &#8902; Association Catalyse<\/title>\n<meta name=\"robots\" content=\"index, follow, max-snippet:-1, max-image-preview:large, max-video-preview:-1\" \/>\n<link rel=\"canonical\" href=\"https:\/\/asso-catalyse.fr\/index.php\/2017\/09\/01\/un-ete-en-cuisine\/\" \/>\n<meta property=\"og:locale\" content=\"fr_FR\" \/>\n<meta property=\"og:type\" content=\"article\" \/>\n<meta property=\"og:title\" content=\"Un \u00e9t\u00e9 en cuisine &#8902; Association Catalyse\" \/>\n<meta property=\"og:description\" content=\"Cet \u00e9t\u00e9 nous avons renouvel\u00e9 plusieurs fois\u00a0l&rsquo;exp\u00e9rience de\u00a0notre Cantine Autonome\u00a0aux \u00ab\u00a0Poissons Rouges\u00a0\u00bb. Notamment \u00e0 l&rsquo;occasion du passage du \u00abTour V\u00e9lo \u00e0 \u00c9nergie Positive\u00bb d&rsquo;Alternatiba \u00e0 Valence. Avec un \u00abVillage des Possibles\u00bb o\u00f9 diff\u00e9rentes associations qui \u0153uvrent pour l\u2019\u00e9conomie d\u2019\u00e9nergie tenaient\u00a0leurs stands. Nous avons \u00e9galement collabor\u00e9 avec Feu Follet\u00a0pour tenir un gigantesque stand de restauration et&hellip; Lire la suite\" \/>\n<meta property=\"og:url\" content=\"https:\/\/asso-catalyse.fr\/index.php\/2017\/09\/01\/un-ete-en-cuisine\/\" \/>\n<meta property=\"og:site_name\" content=\"Association Catalyse\" \/>\n<meta property=\"article:published_time\" content=\"2017-09-01T12:59:25+00:00\" \/>\n<meta property=\"article:modified_time\" content=\"2021-01-02T18:31:39+00:00\" \/>\n<meta property=\"og:image\" content=\"http:\/\/asso-catalyse.fr\/wp-content\/uploads\/2017\/09\/20170822_stand-FF-aurillac_compressed-300x169.jpg\" \/>\n<meta name=\"author\" content=\"Catalyse\" \/>\n<meta name=\"twitter:card\" content=\"summary_large_image\" \/>\n<meta name=\"twitter:label1\" content=\"\u00c9crit par\" \/>\n\t<meta name=\"twitter:data1\" content=\"Catalyse\" \/>\n\t<meta name=\"twitter:label2\" content=\"Dur\u00e9e de lecture estim\u00e9e\" \/>\n\t<meta name=\"twitter:data2\" content=\"1 minute\" \/>\n<script type=\"application\/ld+json\" class=\"yoast-schema-graph\">{\"@context\":\"https:\/\/schema.org\",\"@graph\":[{\"@type\":\"WebPage\",\"@id\":\"https:\/\/asso-catalyse.fr\/index.php\/2017\/09\/01\/un-ete-en-cuisine\/\",\"url\":\"https:\/\/asso-catalyse.fr\/index.php\/2017\/09\/01\/un-ete-en-cuisine\/\",\"name\":\"Un \u00e9t\u00e9 en cuisine &#8902; Association Catalyse\",\"isPartOf\":{\"@id\":\"https:\/\/asso-catalyse.fr\/#website\"},\"primaryImageOfPage\":{\"@id\":\"https:\/\/asso-catalyse.fr\/index.php\/2017\/09\/01\/un-ete-en-cuisine\/#primaryimage\"},\"image\":{\"@id\":\"https:\/\/asso-catalyse.fr\/index.php\/2017\/09\/01\/un-ete-en-cuisine\/#primaryimage\"},\"thumbnailUrl\":\"http:\/\/asso-catalyse.fr\/wp-content\/uploads\/2017\/09\/20170822_stand-FF-aurillac_compressed-300x169.jpg\",\"datePublished\":\"2017-09-01T12:59:25+00:00\",\"dateModified\":\"2021-01-02T18:31:39+00:00\",\"author\":{\"@id\":\"https:\/\/asso-catalyse.fr\/#\/schema\/person\/e207c7be9bb40203e731d212648f72ab\"},\"breadcrumb\":{\"@id\":\"https:\/\/asso-catalyse.fr\/index.php\/2017\/09\/01\/un-ete-en-cuisine\/#breadcrumb\"},\"inLanguage\":\"fr-FR\",\"potentialAction\":[{\"@type\":\"ReadAction\",\"target\":[\"https:\/\/asso-catalyse.fr\/index.php\/2017\/09\/01\/un-ete-en-cuisine\/\"]}]},{\"@type\":\"ImageObject\",\"inLanguage\":\"fr-FR\",\"@id\":\"https:\/\/asso-catalyse.fr\/index.php\/2017\/09\/01\/un-ete-en-cuisine\/#primaryimage\",\"url\":\"http:\/\/asso-catalyse.fr\/wp-content\/uploads\/2017\/09\/20170822_stand-FF-aurillac_compressed-300x169.jpg\",\"contentUrl\":\"http:\/\/asso-catalyse.fr\/wp-content\/uploads\/2017\/09\/20170822_stand-FF-aurillac_compressed-300x169.jpg\"},{\"@type\":\"BreadcrumbList\",\"@id\":\"https:\/\/asso-catalyse.fr\/index.php\/2017\/09\/01\/un-ete-en-cuisine\/#breadcrumb\",\"itemListElement\":[{\"@type\":\"ListItem\",\"position\":1,\"name\":\"Accueil\",\"item\":\"https:\/\/asso-catalyse.fr\/\"},{\"@type\":\"ListItem\",\"position\":2,\"name\":\"Un \u00e9t\u00e9 en cuisine\"}]},{\"@type\":\"WebSite\",\"@id\":\"https:\/\/asso-catalyse.fr\/#website\",\"url\":\"https:\/\/asso-catalyse.fr\/\",\"name\":\"Association Catalyse\",\"description\":\"Autonomie \u00e9nerg\u00e9tique pour le milieu rural\",\"potentialAction\":[{\"@type\":\"SearchAction\",\"target\":{\"@type\":\"EntryPoint\",\"urlTemplate\":\"https:\/\/asso-catalyse.fr\/?s={search_term_string}\"},\"query-input\":{\"@type\":\"PropertyValueSpecification\",\"valueRequired\":true,\"valueName\":\"search_term_string\"}}],\"inLanguage\":\"fr-FR\"},{\"@type\":\"Person\",\"@id\":\"https:\/\/asso-catalyse.fr\/#\/schema\/person\/e207c7be9bb40203e731d212648f72ab\",\"name\":\"Catalyse\",\"image\":{\"@type\":\"ImageObject\",\"inLanguage\":\"fr-FR\",\"@id\":\"https:\/\/asso-catalyse.fr\/#\/schema\/person\/image\/\",\"url\":\"https:\/\/secure.gravatar.com\/avatar\/647361d78cb116a79c299ce9f2634100?s=96&d=mm&r=g\",\"contentUrl\":\"https:\/\/secure.gravatar.com\/avatar\/647361d78cb116a79c299ce9f2634100?s=96&d=mm&r=g\",\"caption\":\"Catalyse\"},\"url\":\"https:\/\/asso-catalyse.fr\/index.php\/author\/catalyse\/\"}]}<\/script>\n<!-- \/ Yoast SEO plugin. -->","yoast_head_json":{"title":"Un \u00e9t\u00e9 en cuisine &#8902; Association Catalyse","robots":{"index":"index","follow":"follow","max-snippet":"max-snippet:-1","max-image-preview":"max-image-preview:large","max-video-preview":"max-video-preview:-1"},"canonical":"https:\/\/asso-catalyse.fr\/index.php\/2017\/09\/01\/un-ete-en-cuisine\/","og_locale":"fr_FR","og_type":"article","og_title":"Un \u00e9t\u00e9 en cuisine &#8902; Association Catalyse","og_description":"Cet \u00e9t\u00e9 nous avons renouvel\u00e9 plusieurs fois\u00a0l&rsquo;exp\u00e9rience de\u00a0notre Cantine Autonome\u00a0aux \u00ab\u00a0Poissons Rouges\u00a0\u00bb. Notamment \u00e0 l&rsquo;occasion du passage du \u00abTour V\u00e9lo \u00e0 \u00c9nergie Positive\u00bb d&rsquo;Alternatiba \u00e0 Valence. Avec un \u00abVillage des Possibles\u00bb o\u00f9 diff\u00e9rentes associations qui \u0153uvrent pour l\u2019\u00e9conomie d\u2019\u00e9nergie tenaient\u00a0leurs stands. Nous avons \u00e9galement collabor\u00e9 avec Feu Follet\u00a0pour tenir un gigantesque stand de restauration et&hellip; Lire la suite","og_url":"https:\/\/asso-catalyse.fr\/index.php\/2017\/09\/01\/un-ete-en-cuisine\/","og_site_name":"Association Catalyse","article_published_time":"2017-09-01T12:59:25+00:00","article_modified_time":"2021-01-02T18:31:39+00:00","og_image":[{"url":"http:\/\/asso-catalyse.fr\/wp-content\/uploads\/2017\/09\/20170822_stand-FF-aurillac_compressed-300x169.jpg","type":"","width":"","height":""}],"author":"Catalyse","twitter_card":"summary_large_image","twitter_misc":{"\u00c9crit par":"Catalyse","Dur\u00e9e de lecture estim\u00e9e":"1 minute"},"schema":{"@context":"https:\/\/schema.org","@graph":[{"@type":"WebPage","@id":"https:\/\/asso-catalyse.fr\/index.php\/2017\/09\/01\/un-ete-en-cuisine\/","url":"https:\/\/asso-catalyse.fr\/index.php\/2017\/09\/01\/un-ete-en-cuisine\/","name":"Un \u00e9t\u00e9 en cuisine &#8902; Association Catalyse","isPartOf":{"@id":"https:\/\/asso-catalyse.fr\/#website"},"primaryImageOfPage":{"@id":"https:\/\/asso-catalyse.fr\/index.php\/2017\/09\/01\/un-ete-en-cuisine\/#primaryimage"},"image":{"@id":"https:\/\/asso-catalyse.fr\/index.php\/2017\/09\/01\/un-ete-en-cuisine\/#primaryimage"},"thumbnailUrl":"http:\/\/asso-catalyse.fr\/wp-content\/uploads\/2017\/09\/20170822_stand-FF-aurillac_compressed-300x169.jpg","datePublished":"2017-09-01T12:59:25+00:00","dateModified":"2021-01-02T18:31:39+00:00","author":{"@id":"https:\/\/asso-catalyse.fr\/#\/schema\/person\/e207c7be9bb40203e731d212648f72ab"},"breadcrumb":{"@id":"https:\/\/asso-catalyse.fr\/index.php\/2017\/09\/01\/un-ete-en-cuisine\/#breadcrumb"},"inLanguage":"fr-FR","potentialAction":[{"@type":"ReadAction","target":["https:\/\/asso-catalyse.fr\/index.php\/2017\/09\/01\/un-ete-en-cuisine\/"]}]},{"@type":"ImageObject","inLanguage":"fr-FR","@id":"https:\/\/asso-catalyse.fr\/index.php\/2017\/09\/01\/un-ete-en-cuisine\/#primaryimage","url":"http:\/\/asso-catalyse.fr\/wp-content\/uploads\/2017\/09\/20170822_stand-FF-aurillac_compressed-300x169.jpg","contentUrl":"http:\/\/asso-catalyse.fr\/wp-content\/uploads\/2017\/09\/20170822_stand-FF-aurillac_compressed-300x169.jpg"},{"@type":"BreadcrumbList","@id":"https:\/\/asso-catalyse.fr\/index.php\/2017\/09\/01\/un-ete-en-cuisine\/#breadcrumb","itemListElement":[{"@type":"ListItem","position":1,"name":"Accueil","item":"https:\/\/asso-catalyse.fr\/"},{"@type":"ListItem","position":2,"name":"Un \u00e9t\u00e9 en cuisine"}]},{"@type":"WebSite","@id":"https:\/\/asso-catalyse.fr\/#website","url":"https:\/\/asso-catalyse.fr\/","name":"Association Catalyse","description":"Autonomie \u00e9nerg\u00e9tique pour le milieu rural","potentialAction":[{"@type":"SearchAction","target":{"@type":"EntryPoint","urlTemplate":"https:\/\/asso-catalyse.fr\/?s={search_term_string}"},"query-input":{"@type":"PropertyValueSpecification","valueRequired":true,"valueName":"search_term_string"}}],"inLanguage":"fr-FR"},{"@type":"Person","@id":"https:\/\/asso-catalyse.fr\/#\/schema\/person\/e207c7be9bb40203e731d212648f72ab","name":"Catalyse","image":{"@type":"ImageObject","inLanguage":"fr-FR","@id":"https:\/\/asso-catalyse.fr\/#\/schema\/person\/image\/","url":"https:\/\/secure.gravatar.com\/avatar\/647361d78cb116a79c299ce9f2634100?s=96&d=mm&r=g","contentUrl":"https:\/\/secure.gravatar.com\/avatar\/647361d78cb116a79c299ce9f2634100?s=96&d=mm&r=g","caption":"Catalyse"},"url":"https:\/\/asso-catalyse.fr\/index.php\/author\/catalyse\/"}]}},"_links":{"self":[{"href":"https:\/\/asso-catalyse.fr\/index.php\/wp-json\/wp\/v2\/posts\/129"}],"collection":[{"href":"https:\/\/asso-catalyse.fr\/index.php\/wp-json\/wp\/v2\/posts"}],"about":[{"href":"https:\/\/asso-catalyse.fr\/index.php\/wp-json\/wp\/v2\/types\/post"}],"author":[{"embeddable":true,"href":"https:\/\/asso-catalyse.fr\/index.php\/wp-json\/wp\/v2\/users\/1"}],"replies":[{"embeddable":true,"href":"https:\/\/asso-catalyse.fr\/index.php\/wp-json\/wp\/v2\/comments?post=129"}],"version-history":[{"count":3,"href":"https:\/\/asso-catalyse.fr\/index.php\/wp-json\/wp\/v2\/posts\/129\/revisions"}],"predecessor-version":[{"id":139,"href":"https:\/\/asso-catalyse.fr\/index.php\/wp-json\/wp\/v2\/posts\/129\/revisions\/139"}],"wp:attachment":[{"href":"https:\/\/asso-catalyse.fr\/index.php\/wp-json\/wp\/v2\/media?parent=129"}],"wp:term":[{"taxonomy":"category","embeddable":true,"href":"https:\/\/asso-catalyse.fr\/index.php\/wp-json\/wp\/v2\/categories?post=129"},{"taxonomy":"post_tag","embeddable":true,"href":"https:\/\/asso-catalyse.fr\/index.php\/wp-json\/wp\/v2\/tags?post=129"}],"curies":[{"name":"wp","href":"https:\/\/api.w.org\/{rel}","templated":true}]}}